{
    "id": 1262,
    "date": "2022-12-13T15:23:27",
    "date_gmt": "2022-12-13T14:23:27",
    "guid": {
        "rendered": "https:\/\/www.rutadelsindiketes.com\/?page_id=1262"
    },
    "modified": "2023-04-07T13:53:35",
    "modified_gmt": "2023-04-07T11:53:35",
    "slug": "etapa-15-bascara-llado",
    "status": "publish",
    "type": "page",
    "link": "https:\/\/www.rutadelsindiketes.com\/es\/etapa-15-bascara-llado\/",
    "title": {
        "rendered": "Etapa 15 &#8211; B\u00e0scara &#8211; Llad\u00f3"
    },
    "content": {
        "rendered": "<div data-elementor-type=\"wp-page\" data-elementor-id=\"1262\" class=\"elementor elementor-1262\" data-elementor-post-type=\"page\">\n\t\t\t\t\t\t<section class=\"elementor-section elementor-top-section elementor-element elementor-element-4161d5af elementor-section-height-min-height elementor-section-content-middle elementor-section-boxed elementor-section-height-default elementor-section-items-middle\" data-id=\"4161d5af\" data-element_type=\"section\" data-e-type=\"section\" id=\"entrada\" data-settings=\"{&quot;background_background&quot;:&quot;classic&quot;}\">\n\t\t\t\t\t\t\t<div class=\"elementor-background-overlay\"><\/div>\n\t\t\t\t\t\t\t<div class=\"elementor-container elementor-column-gap-default\">\n\t\t\t\t\t<div class=\"elementor-column elementor-col-100 elementor-top-column elementor-element elementor-element-250f815b\" data-id=\"250f815b\" data-element_type=\"column\" data-e-type=\"column\" data-settings=\"{&quot;background_background&quot;:&quot;classic&quot;}\">\n\t\t\t<div class=\"elementor-widget-wrap elementor-element-populated\">\n\t\t\t\t\t<div class=\"elementor-background-overlay\"><\/div>\n\t\t\t\t\t\t<div class=\"elementor-element elementor-element-8c5db87 elementor-widget elementor-widget-heading\" data-id=\"8c5db87\" data-element_type=\"widget\" data-e-type=\"widget\" data-widget_type=\"heading.default\">\n\t\t\t\t<div class=\"elementor-widget-container\">\n\t\t\t\t\t<h1 class=\"elementor-heading-title elementor-size-default\">ETAPA 15<\/h1>\t\t\t\t<\/div>\n\t\t\t\t<\/div>\n\t\t\t\t<div class=\"elementor-element elementor-element-8501329 elementor-widget elementor-widget-heading\" data-id=\"8501329\" data-element_type=\"widget\" data-e-type=\"widget\" data-widget_type=\"heading.default\">\n\t\t\t\t<div class=\"elementor-widget-container\">\n\t\t\t\t\t<h2 class=\"elementor-heading-title elementor-size-default\">B\u00c0SCARA \u2013 LLAD\u00d3<\/h2>\t\t\t\t<\/div>\n\t\t\t\t<\/div>\n\t\t\t\t<div class=\"elementor-element elementor-element-cc4a6ba elementor-widget elementor-widget-spacer\" data-id=\"cc4a6ba\" data-element_type=\"widget\" data-e-type=\"widget\" data-widget_type=\"spacer.default\">\n\t\t\t\t<div class=\"elementor-widget-container\">\n\t\t\t\t\t\t\t<div class=\"elementor-spacer\">\n\t\t\t<div class=\"elementor-spacer-inner\"><\/div>\n\t\t<\/div>\n\t\t\t\t\t\t<\/div>\n\t\t\t\t<\/div>\n\t\t\t\t<div class=\"elementor-element elementor-element-4863b3f6 elementor-icon-list--layout-inline elementor-align-center elementor-list-item-link-full_width elementor-widget elementor-widget-icon-list\" data-id=\"4863b3f6\" data-element_type=\"widget\" data-e-type=\"widget\" data-widget_type=\"icon-list.default\">\n\t\t\t\t<div class=\"elementor-widget-container\">\n\t\t\t\t\t\t\t<ul class=\"elementor-icon-list-items elementor-inline-items\">\n\t\t\t\t\t\t\t<li class=\"elementor-icon-list-item elementor-inline-item\">\n\t\t\t\t\t\t\t\t\t\t\t<span class=\"elementor-icon-list-icon\">\n\t\t\t\t\t\t\t<svg aria-hidden=\"true\" class=\"e-font-icon-svg e-fas-ruler\" viewbox=\"0 0 640 512\" xmlns=\"http:\/\/www.w3.org\/2000\/svg\"><path d=\"M635.7 167.2L556.1 31.7c-8.8-15-28.3-20.1-43.5-11.5l-69 39.1L503.3 161c2.2 3.8.9 8.5-2.9 10.7l-13.8 7.8c-3.8 2.2-8.7.9-10.9-2.9L416 75l-55.2 31.3 27.9 47.4c2.2 3.8.9 8.5-2.9 10.7l-13.8 7.8c-3.8 2.2-8.7.9-10.9-2.9L333.2 122 278 153.3 337.8 255c2.2 3.7.9 8.5-2.9 10.7l-13.8 7.8c-3.8 2.2-8.7.9-10.9-2.9l-59.7-101.7-55.2 31.3 27.9 47.4c2.2 3.8.9 8.5-2.9 10.7l-13.8 7.8c-3.8 2.2-8.7.9-10.9-2.9l-27.9-47.5-55.2 31.3 59.7 101.7c2.2 3.7.9 8.5-2.9 10.7l-13.8 7.8c-3.8 2.2-8.7.9-10.9-2.9L84.9 262.9l-69 39.1C.7 310.7-4.6 329.8 4.2 344.8l79.6 135.6c8.8 15 28.3 20.1 43.5 11.5L624.1 210c15.2-8.6 20.4-27.8 11.6-42.8z\"><\/path><\/svg>\t\t\t\t\t\t<\/span>\n\t\t\t\t\t\t\t\t\t\t<span class=\"elementor-icon-list-text\">Distancia: 26,6 km <\/span>\n\t\t\t\t\t\t\t\t\t<\/li>\n\t\t\t\t\t\t\t\t<li class=\"elementor-icon-list-item elementor-inline-item\">\n\t\t\t\t\t\t\t\t\t\t\t<span class=\"elementor-icon-list-icon\">\n\t\t\t\t\t\t\t<svg aria-hidden=\"true\" class=\"e-font-icon-svg e-fas-trophy\" viewbox=\"0 0 576 512\" xmlns=\"http:\/\/www.w3.org\/2000\/svg\"><path d=\"M552 64H448V24c0-13.3-10.7-24-24-24H152c-13.3 0-24 10.7-24 24v40H24C10.7 64 0 74.7 0 88v56c0 35.7 22.5 72.4 61.9 100.7 31.5 22.7 69.8 37.1 110 41.7C203.3 338.5 240 360 240 360v72h-48c-35.3 0-64 20.7-64 56v12c0 6.6 5.4 12 12 12h296c6.6 0 12-5.4 12-12v-12c0-35.3-28.7-56-64-56h-48v-72s36.7-21.5 68.1-73.6c40.3-4.6 78.6-19 110-41.7 39.3-28.3 61.9-65 61.9-100.7V88c0-13.3-10.7-24-24-24zM99.3 192.8C74.9 175.2 64 155.6 64 144v-16h64.2c1 32.6 5.8 61.2 12.8 86.2-15.1-5.2-29.2-12.4-41.7-21.4zM512 144c0 16.1-17.7 36.1-35.3 48.8-12.5 9-26.7 16.2-41.8 21.4 7-25 11.8-53.6 12.8-86.2H512v16z\"><\/path><\/svg>\t\t\t\t\t\t<\/span>\n\t\t\t\t\t\t\t\t\t\t<span class=\"elementor-icon-list-text\">Nivel dificultad: F\u00c1CIL<\/span>\n\t\t\t\t\t\t\t\t\t<\/li>\n\t\t\t\t\t\t\t\t<li class=\"elementor-icon-list-item elementor-inline-item\">\n\t\t\t\t\t\t\t\t\t\t\t<span class=\"elementor-icon-list-icon\">\n\t\t\t\t\t\t\t<svg aria-hidden=\"true\" class=\"e-font-icon-svg e-fas-sort-amount-up-alt\" viewbox=\"0 0 512 512\" xmlns=\"http:\/\/www.w3.org\/2000\/svg\"><path d=\"M240 96h64a16 16 0 0 0 16-16V48a16 16 0 0 0-16-16h-64a16 16 0 0 0-16 16v32a16 16 0 0 0 16 16zm0 128h128a16 16 0 0 0 16-16v-32a16 16 0 0 0-16-16H240a16 16 0 0 0-16 16v32a16 16 0 0 0 16 16zm256 192H240a16 16 0 0 0-16 16v32a16 16 0 0 0 16 16h256a16 16 0 0 0 16-16v-32a16 16 0 0 0-16-16zm-256-64h192a16 16 0 0 0 16-16v-32a16 16 0 0 0-16-16H240a16 16 0 0 0-16 16v32a16 16 0 0 0 16 16zM16 160h48v304a16 16 0 0 0 16 16h32a16 16 0 0 0 16-16V160h48c14.21 0 21.39-17.24 11.31-27.31l-80-96a16 16 0 0 0-22.62 0l-80 96C-5.35 142.74 1.78 160 16 160z\"><\/path><\/svg>\t\t\t\t\t\t<\/span>\n\t\t\t\t\t\t\t\t\t\t<span class=\"elementor-icon-list-text\">Altitud m\u00e1xima: 203<\/span>\n\t\t\t\t\t\t\t\t\t<\/li>\n\t\t\t\t\t\t\t\t<li class=\"elementor-icon-list-item elementor-inline-item\">\n\t\t\t\t\t\t\t\t\t\t\t<span class=\"elementor-icon-list-icon\">\n\t\t\t\t\t\t\t<svg aria-hidden=\"true\" class=\"e-font-icon-svg e-fas-sort-amount-down-alt\" viewbox=\"0 0 512 512\" xmlns=\"http:\/\/www.w3.org\/2000\/svg\"><path d=\"M240 96h64a16 16 0 0 0 16-16V48a16 16 0 0 0-16-16h-64a16 16 0 0 0-16 16v32a16 16 0 0 0 16 16zm0 128h128a16 16 0 0 0 16-16v-32a16 16 0 0 0-16-16H240a16 16 0 0 0-16 16v32a16 16 0 0 0 16 16zm256 192H240a16 16 0 0 0-16 16v32a16 16 0 0 0 16 16h256a16 16 0 0 0 16-16v-32a16 16 0 0 0-16-16zm-256-64h192a16 16 0 0 0 16-16v-32a16 16 0 0 0-16-16H240a16 16 0 0 0-16 16v32a16 16 0 0 0 16 16zm-64 0h-48V48a16 16 0 0 0-16-16H80a16 16 0 0 0-16 16v304H16c-14.19 0-21.37 17.24-11.29 27.31l80 96a16 16 0 0 0 22.62 0l80-96C197.35 369.26 190.22 352 176 352z\"><\/path><\/svg>\t\t\t\t\t\t<\/span>\n\t\t\t\t\t\t\t\t\t\t<span class=\"elementor-icon-list-text\">Altitud m\u00ednima: 50<\/span>\n\t\t\t\t\t\t\t\t\t<\/li>\n\t\t\t\t\t\t\t\t<li class=\"elementor-icon-list-item elementor-inline-item\">\n\t\t\t\t\t\t\t\t\t\t\t<span class=\"elementor-icon-list-icon\">\n\t\t\t\t\t\t\t<svg aria-hidden=\"true\" class=\"e-font-icon-svg e-fas-slash\" viewbox=\"0 0 640 512\" xmlns=\"http:\/\/www.w3.org\/2000\/svg\"><path d=\"M594.53 508.63L6.18 53.9c-6.97-5.42-8.23-15.47-2.81-22.45L23.01 6.18C28.43-.8 38.49-2.06 45.47 3.37L633.82 458.1c6.97 5.42 8.23 15.47 2.81 22.45l-19.64 25.27c-5.42 6.98-15.48 8.23-22.46 2.81z\"><\/path><\/svg>\t\t\t\t\t\t<\/span>\n\t\t\t\t\t\t\t\t\t\t<span class=\"elementor-icon-list-text\">Desnivel positivo: 683<\/span>\n\t\t\t\t\t\t\t\t\t<\/li>\n\t\t\t\t\t\t\t\t<li class=\"elementor-icon-list-item elementor-inline-item\">\n\t\t\t\t\t\t\t\t\t\t\t<span class=\"elementor-icon-list-icon\">\n\t\t\t\t\t\t\t<svg aria-hidden=\"true\" class=\"e-font-icon-svg e-fas-slash\" viewbox=\"0 0 640 512\" xmlns=\"http:\/\/www.w3.org\/2000\/svg\"><path d=\"M594.53 508.63L6.18 53.9c-6.97-5.42-8.23-15.47-2.81-22.45L23.01 6.18C28.43-.8 38.49-2.06 45.47 3.37L633.82 458.1c6.97 5.42 8.23 15.47 2.81 22.45l-19.64 25.27c-5.42 6.98-15.48 8.23-22.46 2.81z\"><\/path><\/svg>\t\t\t\t\t\t<\/span>\n\t\t\t\t\t\t\t\t\t\t<span class=\"elementor-icon-list-text\">Desnivel negativo: 551<\/span>\n\t\t\t\t\t\t\t\t\t<\/li>\n\t\t\t\t\t\t<\/ul>\n\t\t\t\t\t\t<\/div>\n\t\t\t\t<\/div>\n\t\t\t\t<div class=\"elementor-element elementor-element-80428c6 elementor-widget elementor-widget-image\" data-id=\"80428c6\" data-element_type=\"widget\" data-e-type=\"widget\" data-widget_type=\"image.default\">\n\t\t\t\t<div class=\"elementor-widget-container\">\n\t\t\t\t\t\t\t\t\t\t\t\t\t\t\t\t<a href=\"https:\/\/www.rutadelsindiketes.com\/wp-content\/uploads\/2023\/01\/perfil-etapa-15.png\" data-elementor-open-lightbox=\"yes\" data-elementor-lightbox-title=\"perfil etapa 15\" data-e-action-hash=\"#elementor-action%3Aaction%3Dlightbox%26settings%3DeyJpZCI6MjExOCwidXJsIjoiaHR0cHM6XC9cL3d3dy5ydXRhZGVsc2luZGlrZXRlcy5jb21cL3dwLWNvbnRlbnRcL3VwbG9hZHNcLzIwMjNcLzAxXC9wZXJmaWwtZXRhcGEtMTUucG5nIn0%3D\">\n\t\t\t\t\t\t\t<img fetchpriority=\"high\" decoding=\"async\" width=\"800\" height=\"300\" src=\"https:\/\/www.rutadelsindiketes.com\/wp-content\/uploads\/2023\/01\/perfil-etapa-15.png\" class=\"attachment-large size-large wp-image-2118\" alt=\"\" srcset=\"https:\/\/www.rutadelsindiketes.com\/wp-content\/uploads\/2023\/01\/perfil-etapa-15.png 960w, https:\/\/www.rutadelsindiketes.com\/wp-content\/uploads\/2023\/01\/perfil-etapa-15-300x113.png 300w, https:\/\/www.rutadelsindiketes.com\/wp-content\/uploads\/2023\/01\/perfil-etapa-15-768x288.png 768w\" sizes=\"(max-width: 800px) 100vw, 800px\" \/>\t\t\t\t\t\t\t\t<\/a>\n\t\t\t\t\t\t\t\t\t\t\t\t\t\t\t<\/div>\n\t\t\t\t<\/div>\n\t\t\t\t\t<\/div>\n\t\t<\/div>\n\t\t\t\t\t<\/div>\n\t\t<\/section>\n\t\t\t\t<section class=\"elementor-section elementor-top-section elementor-element elementor-element-77174f7 elementor-section-boxed elementor-section-height-default elementor-section-height-default\" data-id=\"77174f7\" data-element_type=\"section\" data-e-type=\"section\">\n\t\t\t\t\t\t<div class=\"elementor-container elementor-column-gap-default\">\n\t\t\t\t\t<div class=\"elementor-column elementor-col-100 elementor-top-column elementor-element elementor-element-d2b5570\" data-id=\"d2b5570\" data-element_type=\"column\" data-e-type=\"column\">\n\t\t\t<div class=\"elementor-widget-wrap elementor-element-populated\">\n\t\t\t\t\t\t<div class=\"elementor-element elementor-element-9a1b656 elementor-align-center elementor-widget__width-auto elementor-widget elementor-widget-button\" data-id=\"9a1b656\" data-element_type=\"widget\" data-e-type=\"widget\" data-widget_type=\"button.default\">\n\t\t\t\t<div class=\"elementor-widget-container\">\n\t\t\t\t\t\t\t\t\t<div class=\"elementor-button-wrapper\">\n\t\t\t\t\t<a class=\"elementor-button elementor-button-link elementor-size-sm\" href=\"https:\/\/www.rutadelsindiketes.com\/wp-content\/uploads\/2023\/04\/Bascara-a-Llado.gpx\">\n\t\t\t\t\t\t<span class=\"elementor-button-content-wrapper\">\n\t\t\t\t\t\t<span class=\"elementor-button-icon\">\n\t\t\t\t<svg aria-hidden=\"true\" class=\"e-font-icon-svg e-fas-route\" viewbox=\"0 0 512 512\" xmlns=\"http:\/\/www.w3.org\/2000\/svg\"><path d=\"M416 320h-96c-17.6 0-32-14.4-32-32s14.4-32 32-32h96s96-107 96-160-43-96-96-96-96 43-96 96c0 25.5 22.2 63.4 45.3 96H320c-52.9 0-96 43.1-96 96s43.1 96 96 96h96c17.6 0 32 14.4 32 32s-14.4 32-32 32H185.5c-16 24.8-33.8 47.7-47.3 64H416c52.9 0 96-43.1 96-96s-43.1-96-96-96zm0-256c17.7 0 32 14.3 32 32s-14.3 32-32 32-32-14.3-32-32 14.3-32 32-32zM96 256c-53 0-96 43-96 96s96 160 96 160 96-107 96-160-43-96-96-96zm0 128c-17.7 0-32-14.3-32-32s14.3-32 32-32 32 14.3 32 32-14.3 32-32 32z\"><\/path><\/svg>\t\t\t<\/span>\n\t\t\t\t\t\t\t\t\t<span class=\"elementor-button-text\">GPX<\/span>\n\t\t\t\t\t<\/span>\n\t\t\t\t\t<\/a>\n\t\t\t\t<\/div>\n\t\t\t\t\t\t\t\t<\/div>\n\t\t\t\t<\/div>\n\t\t\t\t\t<\/div>\n\t\t<\/div>\n\t\t\t\t\t<\/div>\n\t\t<\/section>\n\t\t\t\t<section class=\"elementor-section elementor-top-section elementor-element elementor-element-ec96f5a elementor-section-boxed elementor-section-height-default elementor-section-height-default\" data-id=\"ec96f5a\" data-element_type=\"section\" data-e-type=\"section\">\n\t\t\t\t\t\t<div class=\"elementor-container elementor-column-gap-default\">\n\t\t\t\t\t<div class=\"elementor-column elementor-col-100 elementor-top-column elementor-element elementor-element-725db9d\" data-id=\"725db9d\" data-element_type=\"column\" data-e-type=\"column\">\n\t\t\t<div class=\"elementor-widget-wrap elementor-element-populated\">\n\t\t\t\t\t\t<div class=\"elementor-element elementor-element-224bf89 elementor-widget elementor-widget-heading\" data-id=\"224bf89\" data-element_type=\"widget\" data-e-type=\"widget\" data-widget_type=\"heading.default\">\n\t\t\t\t<div class=\"elementor-widget-container\">\n\t\t\t\t\t<h2 class=\"elementor-heading-title elementor-size-large\"><br>Etapa 15: B\u00c0SCARA \u2013 LLAD\u00d3<br><\/h2>\t\t\t\t<\/div>\n\t\t\t\t<\/div>\n\t\t\t\t<div class=\"elementor-element elementor-element-6b3b62c elementor-widget elementor-widget-image\" data-id=\"6b3b62c\" data-element_type=\"widget\" data-e-type=\"widget\" data-widget_type=\"image.default\">\n\t\t\t\t<div class=\"elementor-widget-container\">\n\t\t\t\t\t\t\t\t\t\t\t\t\t\t\t\t<a href=\"https:\/\/www.rutadelsindiketes.com\/wp-content\/uploads\/2023\/01\/mapa-etapa-15.png\" data-elementor-open-lightbox=\"yes\" data-elementor-lightbox-title=\"mapa etapa 15\" data-e-action-hash=\"#elementor-action%3Aaction%3Dlightbox%26settings%3DeyJpZCI6MjExNywidXJsIjoiaHR0cHM6XC9cL3d3dy5ydXRhZGVsc2luZGlrZXRlcy5jb21cL3dwLWNvbnRlbnRcL3VwbG9hZHNcLzIwMjNcLzAxXC9tYXBhLWV0YXBhLTE1LnBuZyJ9\">\n\t\t\t\t\t\t\t<img decoding=\"async\" width=\"537\" height=\"522\" src=\"https:\/\/www.rutadelsindiketes.com\/wp-content\/uploads\/2023\/01\/mapa-etapa-15.png\" class=\"attachment-large size-large wp-image-2117\" alt=\"\" srcset=\"https:\/\/www.rutadelsindiketes.com\/wp-content\/uploads\/2023\/01\/mapa-etapa-15.png 537w, https:\/\/www.rutadelsindiketes.com\/wp-content\/uploads\/2023\/01\/mapa-etapa-15-300x292.png 300w\" sizes=\"(max-width: 537px) 100vw, 537px\" \/>\t\t\t\t\t\t\t\t<\/a>\n\t\t\t\t\t\t\t\t\t\t\t\t\t\t\t<\/div>\n\t\t\t\t<\/div>\n\t\t\t\t\t<\/div>\n\t\t<\/div>\n\t\t\t\t\t<\/div>\n\t\t<\/section>\n\t\t<div class=\"elementor-element elementor-element-1635dabd e-flex e-con-boxed e-con e-parent\" data-id=\"1635dabd\" data-element_type=\"container\" data-e-type=\"container\">\n\t\t\t\t\t<div class=\"e-con-inner\">\n\t\t<div class=\"elementor-element elementor-element-1bf3b7b2 e-con-full e-flex e-con e-child\" data-id=\"1bf3b7b2\" data-element_type=\"container\" data-e-type=\"container\">\n\t\t\t\t<div class=\"elementor-element elementor-element-27c225bb elementor-widget elementor-widget-text-editor\" data-id=\"27c225bb\" data-element_type=\"widget\" data-e-type=\"widget\" data-widget_type=\"text-editor.default\">\n\t\t\t\t<div class=\"elementor-widget-container\">\n\t\t\t\t\t\t\t\t\t<p>La salida de B\u00e0scara no ser\u00e1 muy agradable debido a las infraestructuras que deberemos cruzar.<\/p><p>Saldremos por la calle que hay detr\u00e1s de la iglesia y al final de la muralla veremos un pasadizo que baja hasta la carretera N-II y pasaremos por el puente que cruza el r\u00edo Fluvi\u00e0 por su lateral izquierdo.<\/p><p>Al final del puente nos apartaremos de este peligroso paso de la carretera entrando en el primer desv\u00edo que veamos a nuestra izquierda y seguidamente tomaremos un camino de tierra se\u00f1alado con las indicaciones del Cam\u00ed de Sant Jaume (Camino de Santiago) hasta cruzarnos con la carretera asfaltada que lleva a Romany\u00e0 d&#8217;Empord\u00e0 donde giraremos a la izquierda.<\/p><p>Seguiremos por esta carretera durante 1,3 kil\u00f3metros hasta llegar a Romany\u00e0 d&#8217;Empord\u00e0. Despu\u00e9s seguiremos durante 1,5 kil\u00f3metros en direcci\u00f3n a Pont\u00f3s entrando por la calle de la Pobla.<\/p>\t\t\t\t\t\t\t\t<\/div>\n\t\t\t\t<\/div>\n\t\t\t\t<\/div>\n\t\t<div class=\"elementor-element elementor-element-695ed478 e-con-full e-flex e-con e-child\" data-id=\"695ed478\" data-element_type=\"container\" data-e-type=\"container\">\n\t\t\t\t<div class=\"elementor-element elementor-element-4757750 elementor-widget elementor-widget-image\" data-id=\"4757750\" data-element_type=\"widget\" data-e-type=\"widget\" data-widget_type=\"image.default\">\n\t\t\t\t<div class=\"elementor-widget-container\">\n\t\t\t\t\t\t\t\t\t\t\t\t\t\t\t<img decoding=\"async\" width=\"797\" height=\"1024\" src=\"https:\/\/www.rutadelsindiketes.com\/wp-content\/uploads\/2023\/01\/2-esglesia-de-sant-marti-de-Pontos-e1674929349702-797x1024.jpg\" class=\"attachment-large size-large wp-image-2119\" alt=\"\" srcset=\"https:\/\/www.rutadelsindiketes.com\/wp-content\/uploads\/2023\/01\/2-esglesia-de-sant-marti-de-Pontos-e1674929349702-797x1024.jpg 797w, https:\/\/www.rutadelsindiketes.com\/wp-content\/uploads\/2023\/01\/2-esglesia-de-sant-marti-de-Pontos-e1674929349702-233x300.jpg 233w, https:\/\/www.rutadelsindiketes.com\/wp-content\/uploads\/2023\/01\/2-esglesia-de-sant-marti-de-Pontos-e1674929349702-768x987.jpg 768w, https:\/\/www.rutadelsindiketes.com\/wp-content\/uploads\/2023\/01\/2-esglesia-de-sant-marti-de-Pontos-e1674929349702.jpg 817w\" sizes=\"(max-width: 797px) 100vw, 797px\" \/>\t\t\t\t\t\t\t\t\t\t\t\t\t\t\t<\/div>\n\t\t\t\t<\/div>\n\t\t\t\t<\/div>\n\t\t\t\t\t<\/div>\n\t\t\t\t<\/div>\n\t\t<div class=\"elementor-element elementor-element-62ecc2a3 e-flex e-con-boxed e-con e-parent\" data-id=\"62ecc2a3\" data-element_type=\"container\" data-e-type=\"container\">\n\t\t\t\t\t<div class=\"e-con-inner\">\n\t\t\t\t<div class=\"elementor-element elementor-element-741f7b77 elementor-widget elementor-widget-text-editor\" data-id=\"741f7b77\" data-element_type=\"widget\" data-e-type=\"widget\" data-widget_type=\"text-editor.default\">\n\t\t\t\t<div class=\"elementor-widget-container\">\n\t\t\t\t\t\t\t\t\t<p>Despu\u00e9s de pasar junto a la iglesia de Sant Mart\u00ed giraremos por la calle del Mas Clos y en lo alto del grupo de casas seguiremos de frente por una ancha pista y al final de la misma, en un cruce de muchos caminos, tomaremos el de la derecha, que en 800 metros nos llevar\u00e1 hasta la carretera GIV-5126.<\/p>\t\t\t\t\t\t\t\t<\/div>\n\t\t\t\t<\/div>\n\t\t\t\t\t<\/div>\n\t\t\t\t<\/div>\n\t\t<div class=\"elementor-element elementor-element-3ae77c90 e-flex e-con-boxed e-con e-parent\" data-id=\"3ae77c90\" data-element_type=\"container\" data-e-type=\"container\">\n\t\t\t\t\t<div class=\"e-con-inner\">\n\t\t<div class=\"elementor-element elementor-element-4530886d e-con-full e-flex e-con e-child\" data-id=\"4530886d\" data-element_type=\"container\" data-e-type=\"container\">\n\t\t\t\t<div class=\"elementor-element elementor-element-339af486 elementor-widget elementor-widget-text-editor\" data-id=\"339af486\" data-element_type=\"widget\" data-e-type=\"widget\" data-widget_type=\"text-editor.default\">\n\t\t\t\t<div class=\"elementor-widget-container\">\n\t\t\t\t\t\t\t\t\t<p>Giraremos a la derecha y seguiremos por esta carretera durante 400 metros hasta que veamos un camino de tierra a nuestra izquierda que nos lleva a pasar junto al edificio del Mas Castellar y un poco m\u00e1s adelante llegaremos al poblado <em>Indiketa<\/em> del Puig Castellar.<\/p><p>El yacimiento corresponde a la edad del hierro inicial (s. VII aC), fue habitado toda la \u00e9poca ib\u00e9rica y desapareci\u00f3 en la \u00e9poca romana (s. II aC).<\/p>\t\t\t\t\t\t\t\t<\/div>\n\t\t\t\t<\/div>\n\t\t\t\t<\/div>\n\t\t<div class=\"elementor-element elementor-element-39a6ed4 e-con-full e-flex e-con e-child\" data-id=\"39a6ed4\" data-element_type=\"container\" data-e-type=\"container\">\n\t\t\t\t<div class=\"elementor-element elementor-element-77117f4e elementor-widget elementor-widget-image\" data-id=\"77117f4e\" data-element_type=\"widget\" data-e-type=\"widget\" data-widget_type=\"image.default\">\n\t\t\t\t<div class=\"elementor-widget-container\">\n\t\t\t\t\t\t\t\t\t\t\t\t\t\t\t<img loading=\"lazy\" decoding=\"async\" width=\"459\" height=\"273\" src=\"https:\/\/www.rutadelsindiketes.com\/wp-content\/uploads\/2023\/01\/3-mas-castellar-e1674929516596.png\" class=\"attachment-large size-large wp-image-2120\" alt=\"\" srcset=\"https:\/\/www.rutadelsindiketes.com\/wp-content\/uploads\/2023\/01\/3-mas-castellar-e1674929516596.png 459w, https:\/\/www.rutadelsindiketes.com\/wp-content\/uploads\/2023\/01\/3-mas-castellar-e1674929516596-300x178.png 300w\" sizes=\"(max-width: 459px) 100vw, 459px\" \/>\t\t\t\t\t\t\t\t\t\t\t\t\t\t\t<\/div>\n\t\t\t\t<\/div>\n\t\t\t\t<\/div>\n\t\t\t\t\t<\/div>\n\t\t\t\t<\/div>\n\t\t<div class=\"elementor-element elementor-element-6ff8c73 e-flex e-con-boxed e-con e-parent\" data-id=\"6ff8c73\" data-element_type=\"container\" data-e-type=\"container\">\n\t\t\t\t\t<div class=\"e-con-inner\">\n\t\t\t\t<div class=\"elementor-element elementor-element-a4f7ffb elementor-widget elementor-widget-text-editor\" data-id=\"a4f7ffb\" data-element_type=\"widget\" data-e-type=\"widget\" data-widget_type=\"text-editor.default\">\n\t\t\t\t<div class=\"elementor-widget-container\">\n\t\t\t\t\t\t\t\t\t<p>La parte estudiada se extiende por una superficie de unos 8000 m\u00b2, aunque el complejo arqueol\u00f3gico en su conjunto ocupar\u00eda un espacio cercano a las 5 ha. Los restos visibles son b\u00e1sicamente la parte frontal del <em>oppidum<\/em> fortificado (450 aC).\u00a0<\/p>\t\t\t\t\t\t\t\t<\/div>\n\t\t\t\t<\/div>\n\t\t\t\t\t<\/div>\n\t\t\t\t<\/div>\n\t\t<div class=\"elementor-element elementor-element-3e48321b e-flex e-con-boxed e-con e-parent\" data-id=\"3e48321b\" data-element_type=\"container\" data-e-type=\"container\">\n\t\t\t\t\t<div class=\"e-con-inner\">\n\t\t<div class=\"elementor-element elementor-element-4fff49f7 e-con-full e-flex e-con e-child\" data-id=\"4fff49f7\" data-element_type=\"container\" data-e-type=\"container\">\n\t\t\t\t<div class=\"elementor-element elementor-element-e0f1364 elementor-widget elementor-widget-text-editor\" data-id=\"e0f1364\" data-element_type=\"widget\" data-e-type=\"widget\" data-widget_type=\"text-editor.default\">\n\t\t\t\t<div class=\"elementor-widget-container\">\n\t\t\t\t\t\t\t\t\t<p>Sin embargo, se sabe que hubo un establecimiento agrario de fase m\u00e1s reciente, dos grandes campos de silos, uno en el llamado Camp de Dalt y otro el Camp de Baix, aparte de 2 fosos defensivos.\u00a0<\/p><p>Tambi\u00e9n se sabe que en la \u00faltima \u00e9poca hubo 2 grandes casas (de m\u00e1s de 450\u202fm) que por los ricos restos recuperados se supone pudieran ser la residencia de dirigentes de la sociedad <em>indiketa<\/em>.<\/p>\t\t\t\t\t\t\t\t<\/div>\n\t\t\t\t<\/div>\n\t\t\t\t<\/div>\n\t\t<div class=\"elementor-element elementor-element-5eaca662 e-con-full e-flex e-con e-child\" data-id=\"5eaca662\" data-element_type=\"container\" data-e-type=\"container\">\n\t\t\t\t<div class=\"elementor-element elementor-element-61871163 elementor-widget elementor-widget-image\" data-id=\"61871163\" data-element_type=\"widget\" data-e-type=\"widget\" data-widget_type=\"image.default\">\n\t\t\t\t<div class=\"elementor-widget-container\">\n\t\t\t\t\t\t\t\t\t\t\t\t\t\t\t<img loading=\"lazy\" decoding=\"async\" width=\"318\" height=\"215\" src=\"https:\/\/www.rutadelsindiketes.com\/wp-content\/uploads\/2023\/01\/4-mas-castellar-2.png\" class=\"attachment-large size-large wp-image-2121\" alt=\"\" srcset=\"https:\/\/www.rutadelsindiketes.com\/wp-content\/uploads\/2023\/01\/4-mas-castellar-2.png 318w, https:\/\/www.rutadelsindiketes.com\/wp-content\/uploads\/2023\/01\/4-mas-castellar-2-300x203.png 300w\" sizes=\"(max-width: 318px) 100vw, 318px\" \/>\t\t\t\t\t\t\t\t\t\t\t\t\t\t\t<\/div>\n\t\t\t\t<\/div>\n\t\t\t\t<\/div>\n\t\t\t\t\t<\/div>\n\t\t\t\t<\/div>\n\t\t<div class=\"elementor-element elementor-element-3cf74bcd e-flex e-con-boxed e-con e-parent\" data-id=\"3cf74bcd\" data-element_type=\"container\" data-e-type=\"container\">\n\t\t\t\t\t<div class=\"e-con-inner\">\n\t\t\t\t<div class=\"elementor-element elementor-element-2a62b4fc elementor-widget elementor-widget-text-editor\" data-id=\"2a62b4fc\" data-element_type=\"widget\" data-e-type=\"widget\" data-widget_type=\"text-editor.default\">\n\t\t\t\t<div class=\"elementor-widget-container\">\n\t\t\t\t\t\t\t\t\t<p>Dado el poco porcentaje excavado en comparaci\u00f3n a su gran extensi\u00f3n queda mucho por descubrir.\u00a0<span style=\"text-align: var(--text-align); color: var( --e-global-color-dea41e4 ); font-family: var( --e-global-typography-b2ce6af-font-family ), Sans-serif; font-size: var( --e-global-typography-b2ce6af-font-size ); font-weight: var( --e-global-typography-b2ce6af-font-weight ); letter-spacing: var( --e-global-typography-b2ce6af-letter-spacing ); word-spacing: var( --e-global-typography-b2ce6af-word-spacing );\">Seguiremos la ruta pasando por el camino que pasa por detr\u00e1s de la mas\u00eda y a los pocos metros en el primer desv\u00edo giraremos a la derecha.\u00a0<\/span><\/p>\t\t\t\t\t\t\t\t<\/div>\n\t\t\t\t<\/div>\n\t\t\t\t\t<\/div>\n\t\t\t\t<\/div>\n\t\t<div class=\"elementor-element elementor-element-29cde46 e-flex e-con-boxed e-con e-parent\" data-id=\"29cde46\" data-element_type=\"container\" data-e-type=\"container\">\n\t\t\t\t\t<div class=\"e-con-inner\">\n\t\t\t\t<div class=\"elementor-element elementor-element-3663fe3d elementor-widget elementor-widget-text-editor\" data-id=\"3663fe3d\" data-element_type=\"widget\" data-e-type=\"widget\" data-widget_type=\"text-editor.default\">\n\t\t\t\t<div class=\"elementor-widget-container\">\n\t\t\t\t\t\t\t\t\t<p>Despu\u00e9s a los 340 metros dejaremos el camino y tomaremos el sendero que veremos a nuestra izquierda, que a los 500 metros desemboca en un camino m\u00e1s ancho que nos lleva directamente hasta la mas\u00eda de Mas Pag\u00e9s, que por un corto espacio de tiempo estuvo dedicado al turismo rural, donde podemos contemplar la bonita iglesia rom\u00e1nica de Sant Nicolau del siglo XII.<\/p><p>Seguiremos la ruta pasando por el camino que hay frente a la iglesia que se introduce en el bosque y en 1,3 kil\u00f3metros nos llevar\u00e1 hasta la carretera GIV-5126 donde giraremos a la derecha y despu\u00e9s de 270 metros la abandonaremos por la izquierda, entrando a la aldea de Canelles.\u00a0<\/p>\t\t\t\t\t\t\t\t<\/div>\n\t\t\t\t<\/div>\n\t\t\t\t\t<\/div>\n\t\t\t\t<\/div>\n\t\t<div class=\"elementor-element elementor-element-48012ae0 e-flex e-con-boxed e-con e-parent\" data-id=\"48012ae0\" data-element_type=\"container\" data-e-type=\"container\">\n\t\t\t\t\t<div class=\"e-con-inner\">\n\t\t<div class=\"elementor-element elementor-element-7fa889ce e-con-full e-flex e-con e-child\" data-id=\"7fa889ce\" data-element_type=\"container\" data-e-type=\"container\">\n\t\t\t\t<div class=\"elementor-element elementor-element-1b20c844 elementor-widget elementor-widget-image\" data-id=\"1b20c844\" data-element_type=\"widget\" data-e-type=\"widget\" data-widget_type=\"image.default\">\n\t\t\t\t<div class=\"elementor-widget-container\">\n\t\t\t\t\t\t\t\t\t\t\t\t\t\t\t<img loading=\"lazy\" decoding=\"async\" width=\"800\" height=\"600\" src=\"https:\/\/www.rutadelsindiketes.com\/wp-content\/uploads\/2023\/01\/5-san-nicolau-1024x768.jpg\" class=\"attachment-large size-large wp-image-2122\" alt=\"\" srcset=\"https:\/\/www.rutadelsindiketes.com\/wp-content\/uploads\/2023\/01\/5-san-nicolau-1024x768.jpg 1024w, https:\/\/www.rutadelsindiketes.com\/wp-content\/uploads\/2023\/01\/5-san-nicolau-300x225.jpg 300w, https:\/\/www.rutadelsindiketes.com\/wp-content\/uploads\/2023\/01\/5-san-nicolau-768x576.jpg 768w, https:\/\/www.rutadelsindiketes.com\/wp-content\/uploads\/2023\/01\/5-san-nicolau.jpg 1136w\" sizes=\"(max-width: 800px) 100vw, 800px\" \/>\t\t\t\t\t\t\t\t\t\t\t\t\t\t\t<\/div>\n\t\t\t\t<\/div>\n\t\t\t\t<\/div>\n\t\t<div class=\"elementor-element elementor-element-648a75cc e-con-full e-flex e-con e-child\" data-id=\"648a75cc\" data-element_type=\"container\" data-e-type=\"container\">\n\t\t\t\t<div class=\"elementor-element elementor-element-78fe901f elementor-widget elementor-widget-image\" data-id=\"78fe901f\" data-element_type=\"widget\" data-e-type=\"widget\" data-widget_type=\"image.default\">\n\t\t\t\t<div class=\"elementor-widget-container\">\n\t\t\t\t\t\t\t\t\t\t\t\t\t\t\t<img loading=\"lazy\" decoding=\"async\" width=\"768\" height=\"1024\" src=\"https:\/\/www.rutadelsindiketes.com\/wp-content\/uploads\/2023\/01\/6-canelles-768x1024.jpg\" class=\"attachment-large size-large wp-image-2123\" alt=\"\" srcset=\"https:\/\/www.rutadelsindiketes.com\/wp-content\/uploads\/2023\/01\/6-canelles-768x1024.jpg 768w, https:\/\/www.rutadelsindiketes.com\/wp-content\/uploads\/2023\/01\/6-canelles-225x300.jpg 225w, https:\/\/www.rutadelsindiketes.com\/wp-content\/uploads\/2023\/01\/6-canelles.jpg 852w\" sizes=\"(max-width: 768px) 100vw, 768px\" \/>\t\t\t\t\t\t\t\t\t\t\t\t\t\t\t<\/div>\n\t\t\t\t<\/div>\n\t\t\t\t<\/div>\n\t\t\t\t\t<\/div>\n\t\t\t\t<\/div>\n\t\t<div class=\"elementor-element elementor-element-64de43b3 e-flex e-con-boxed e-con e-parent\" data-id=\"64de43b3\" data-element_type=\"container\" data-e-type=\"container\">\n\t\t\t\t\t<div class=\"e-con-inner\">\n\t\t\t\t<div class=\"elementor-element elementor-element-6d8bf326 elementor-widget elementor-widget-text-editor\" data-id=\"6d8bf326\" data-element_type=\"widget\" data-e-type=\"widget\" data-widget_type=\"text-editor.default\">\n\t\t\t\t<div class=\"elementor-widget-container\">\n\t\t\t\t\t\t\t\t\t<p><span style=\"color: var( --e-global-color-dea41e4 ); font-family: var( --e-global-typography-b2ce6af-font-family ), Sans-serif; font-size: var( --e-global-typography-b2ce6af-font-size ); font-weight: var( --e-global-typography-b2ce6af-font-weight ); letter-spacing: var( --e-global-typography-b2ce6af-letter-spacing ); text-align: var(--text-align); word-spacing: var( --e-global-typography-b2ce6af-word-spacing );\">Pasaremos junto a su iglesia dedicada a San Esteban, que ya aparece mencionada en el a\u00f1o 855, cuyo edificio actual proviene de un templo rom\u00e1nico de los siglos XI-XIII, muy modificado en \u00e9pocas posteriores.<\/span><\/p>\t\t\t\t\t\t\t\t<\/div>\n\t\t\t\t<\/div>\n\t\t\t\t\t<\/div>\n\t\t\t\t<\/div>\n\t\t<div class=\"elementor-element elementor-element-1c5a7750 e-flex e-con-boxed e-con e-parent\" data-id=\"1c5a7750\" data-element_type=\"container\" data-e-type=\"container\">\n\t\t\t\t\t<div class=\"e-con-inner\">\n\t\t<div class=\"elementor-element elementor-element-5b9510ef e-con-full e-flex e-con e-child\" data-id=\"5b9510ef\" data-element_type=\"container\" data-e-type=\"container\">\n\t\t\t\t<div class=\"elementor-element elementor-element-32ee60b4 elementor-widget elementor-widget-text-editor\" data-id=\"32ee60b4\" data-element_type=\"widget\" data-e-type=\"widget\" data-widget_type=\"text-editor.default\">\n\t\t\t\t<div class=\"elementor-widget-container\">\n\t\t\t\t\t\t\t\t\t<p><span style=\"text-align: var(--text-align); color: var( --e-global-color-dea41e4 ); font-family: var( --e-global-typography-b2ce6af-font-family ), Sans-serif; font-size: var( --e-global-typography-b2ce6af-font-size ); font-weight: var( --e-global-typography-b2ce6af-font-weight ); letter-spacing: var( --e-global-typography-b2ce6af-letter-spacing ); word-spacing: var( --e-global-typography-b2ce6af-word-spacing );\">Despu\u00e9s de la visita a la iglesia retrocedemos hasta el cruce y giraremos a la izquierda y a los 400 metros al llegar a una ancha pista giraremos de nuevo a la izquierda, en direcci\u00f3n a Navata.<\/span><\/p><p>Transitaremos por esta ancha pista durante 2,9 kil\u00f3metros, primero dentro del bosque y despu\u00e9s por campo abierto hasta llegar a la bonita iglesia de Sant Pere de Can Mir\u00f3<\/p><p>De este templo rom\u00e1nico del siglo XII cabe destacar la decoraci\u00f3n del t\u00edmpano de la portada, a diferencia de lo que sucede con la mayor\u00eda de iglesias del Ampurdan, que no lo est\u00e1n.<\/p><p><span style=\"text-align: var(--text-align); color: var( --e-global-color-dea41e4 ); font-family: var( --e-global-typography-b2ce6af-font-family ), Sans-serif; font-size: var( --e-global-typography-b2ce6af-font-size ); font-weight: var( --e-global-typography-b2ce6af-font-weight ); letter-spacing: var( --e-global-typography-b2ce6af-letter-spacing ); word-spacing: var( --e-global-typography-b2ce6af-word-spacing );\">Se trata de una bella representaci\u00f3n del Agnus Dei, nimbado y con la cruz, rodeado por una cinta perlada, cuya imagen parece inspirada en un relieve de la portada de Sant Pere de Rodes, que se conserva en el Museo Mar\u00e9s de Barcelona, aunque en este caso el cordero mira en direcci\u00f3n contraria.<\/span><\/p>\t\t\t\t\t\t\t\t<\/div>\n\t\t\t\t<\/div>\n\t\t\t\t<\/div>\n\t\t<div class=\"elementor-element elementor-element-34107824 e-con-full e-flex e-con e-child\" data-id=\"34107824\" data-element_type=\"container\" data-e-type=\"container\">\n\t\t\t\t<div class=\"elementor-element elementor-element-6734c90e elementor-widget elementor-widget-image\" data-id=\"6734c90e\" data-element_type=\"widget\" data-e-type=\"widget\" data-widget_type=\"image.default\">\n\t\t\t\t<div class=\"elementor-widget-container\">\n\t\t\t\t\t\t\t\t\t\t\t\t\t\t\t<img loading=\"lazy\" decoding=\"async\" width=\"768\" height=\"1024\" src=\"https:\/\/www.rutadelsindiketes.com\/wp-content\/uploads\/2023\/01\/7-sant-pere-de-navata-768x1024.jpg\" class=\"attachment-large size-large wp-image-2124\" alt=\"\" srcset=\"https:\/\/www.rutadelsindiketes.com\/wp-content\/uploads\/2023\/01\/7-sant-pere-de-navata-768x1024.jpg 768w, https:\/\/www.rutadelsindiketes.com\/wp-content\/uploads\/2023\/01\/7-sant-pere-de-navata-225x300.jpg 225w, https:\/\/www.rutadelsindiketes.com\/wp-content\/uploads\/2023\/01\/7-sant-pere-de-navata.jpg 852w\" sizes=\"(max-width: 768px) 100vw, 768px\" \/>\t\t\t\t\t\t\t\t\t\t\t\t\t\t\t<\/div>\n\t\t\t\t<\/div>\n\t\t\t\t<\/div>\n\t\t\t\t\t<\/div>\n\t\t\t\t<\/div>\n\t\t<div class=\"elementor-element elementor-element-472e867d e-flex e-con-boxed e-con e-parent\" data-id=\"472e867d\" data-element_type=\"container\" data-e-type=\"container\">\n\t\t\t\t\t<div class=\"e-con-inner\">\n\t\t<div class=\"elementor-element elementor-element-707fcb52 e-con-full e-flex e-con e-child\" data-id=\"707fcb52\" data-element_type=\"container\" data-e-type=\"container\">\n\t\t\t\t<div class=\"elementor-element elementor-element-4bb34187 elementor-widget elementor-widget-text-editor\" data-id=\"4bb34187\" data-element_type=\"widget\" data-e-type=\"widget\" data-widget_type=\"text-editor.default\">\n\t\t\t\t<div class=\"elementor-widget-container\">\n\t\t\t\t\t\t\t\t\t<p>A partir de aqu\u00ed solo nos quedar\u00e1n 1.000 metros para llegar frente a la iglesia hom\u00f3nima de Navata, pero muy distinta a la anterior, ya que es del siglo XVII.\u00a0<\/p><p>Saldremos del pueblo tomando el denominado Cam\u00ed de Colomer y luego a los 800 metros al llegar a un desv\u00edo giraremos a la izquierda y tomaremos el Cam\u00ed de la Casa Gran que en 1,3 kil\u00f3metros nos llevar\u00e1 a poder visitar el Castell de Navata, si tomamos el camino que veremos a la derecha.<\/p>\t\t\t\t\t\t\t\t<\/div>\n\t\t\t\t<\/div>\n\t\t\t\t<\/div>\n\t\t<div class=\"elementor-element elementor-element-5d2f9b6 e-con-full e-flex e-con e-child\" data-id=\"5d2f9b6\" data-element_type=\"container\" data-e-type=\"container\">\n\t\t\t\t<div class=\"elementor-element elementor-element-48454863 elementor-widget elementor-widget-image\" data-id=\"48454863\" data-element_type=\"widget\" data-e-type=\"widget\" data-widget_type=\"image.default\">\n\t\t\t\t<div class=\"elementor-widget-container\">\n\t\t\t\t\t\t\t\t\t\t\t\t\t\t\t<img loading=\"lazy\" decoding=\"async\" width=\"347\" height=\"294\" src=\"https:\/\/www.rutadelsindiketes.com\/wp-content\/uploads\/2023\/01\/8-castell-de-navata.png\" class=\"attachment-large size-large wp-image-2125\" alt=\"\" srcset=\"https:\/\/www.rutadelsindiketes.com\/wp-content\/uploads\/2023\/01\/8-castell-de-navata.png 347w, https:\/\/www.rutadelsindiketes.com\/wp-content\/uploads\/2023\/01\/8-castell-de-navata-300x254.png 300w\" sizes=\"(max-width: 347px) 100vw, 347px\" \/>\t\t\t\t\t\t\t\t\t\t\t\t\t\t\t<\/div>\n\t\t\t\t<\/div>\n\t\t\t\t<\/div>\n\t\t\t\t\t<\/div>\n\t\t\t\t<\/div>\n\t\t<div class=\"elementor-element elementor-element-2abe1211 e-flex e-con-boxed e-con e-parent\" data-id=\"2abe1211\" data-element_type=\"container\" data-e-type=\"container\">\n\t\t\t\t\t<div class=\"e-con-inner\">\n\t\t\t\t<div class=\"elementor-element elementor-element-25d25af1 elementor-widget elementor-widget-text-editor\" data-id=\"25d25af1\" data-element_type=\"widget\" data-e-type=\"widget\" data-widget_type=\"text-editor.default\">\n\t\t\t\t<div class=\"elementor-widget-container\">\n\t\t\t\t\t\t\t\t\t<p>Esta fortaleza viene documentada desde el a\u00f1o 1051, pero en el siglo XV fue completamente remodelada y preparada para armas de fuego, aumentando el grosor de las murallas y de las torres. Del castillo original solo queda la capilla rom\u00e1nica, situada debajo de una de sus torres.<\/p><p>Despu\u00e9s de la visita, seguiremos por el mismo camino durante 300 metros y en el desv\u00edo giraremos a la derecha por el denominado Cam\u00ed de la Serra que se adentrar\u00e1 en el bosque y a los 1,1 kil\u00f3metros nos permitir\u00e1 acortar por el denominado Cam\u00ed de les Fonts (camino de las fuentes) o seguir por la misma pista.\u00a0<\/p>\t\t\t\t\t\t\t\t<\/div>\n\t\t\t\t<\/div>\n\t\t\t\t\t<\/div>\n\t\t\t\t<\/div>\n\t\t<div class=\"elementor-element elementor-element-42a9c4c8 e-flex e-con-boxed e-con e-parent\" data-id=\"42a9c4c8\" data-element_type=\"container\" data-e-type=\"container\">\n\t\t\t\t\t<div class=\"e-con-inner\">\n\t\t<div class=\"elementor-element elementor-element-58b90b4f e-con-full e-flex e-con e-child\" data-id=\"58b90b4f\" data-element_type=\"container\" data-e-type=\"container\">\n\t\t\t\t<div class=\"elementor-element elementor-element-4b178cb5 elementor-widget elementor-widget-text-editor\" data-id=\"4b178cb5\" data-element_type=\"widget\" data-e-type=\"widget\" data-widget_type=\"text-editor.default\">\n\t\t\t\t<div class=\"elementor-widget-container\">\n\t\t\t\t\t\t\t\t\t<p>A los 1,5 kil\u00f3metros llegaremos al cruce con la carretera N-260 que cruzaremos con precauci\u00f3n y seguiremos por el camino que tendremos al frente.<\/p><p>Transitaremos por este c\u00f3modo camino durante 1,4 kil\u00f3metros hasta que a la altura de la mas\u00eda de Can Caselles giraremos a derecha y luego a los 800 metros lo haremos a la izquierda.<\/p><p>Despu\u00e9s a los 600 metros en un cruce de 4 caminos tiraremos recto y solo nos quedar\u00e1n 800 metros para entrar en LLad\u00f3 por la calle de la Tramuntana donde hay un p\u00e1rquing.<\/p>\t\t\t\t\t\t\t\t<\/div>\n\t\t\t\t<\/div>\n\t\t\t\t<\/div>\n\t\t<div class=\"elementor-element elementor-element-200777aa e-con-full e-flex e-con e-child\" data-id=\"200777aa\" data-element_type=\"container\" data-e-type=\"container\">\n\t\t\t\t<div class=\"elementor-element elementor-element-19455209 elementor-widget elementor-widget-image\" data-id=\"19455209\" data-element_type=\"widget\" data-e-type=\"widget\" data-widget_type=\"image.default\">\n\t\t\t\t<div class=\"elementor-widget-container\">\n\t\t\t\t\t\t\t\t\t\t\t\t\t\t\t<img loading=\"lazy\" decoding=\"async\" width=\"800\" height=\"600\" src=\"https:\/\/www.rutadelsindiketes.com\/wp-content\/uploads\/2023\/01\/9-navata-mas-caselles-1-1024x768.jpg\" class=\"attachment-large size-large wp-image-2149\" alt=\"\" srcset=\"https:\/\/www.rutadelsindiketes.com\/wp-content\/uploads\/2023\/01\/9-navata-mas-caselles-1-1024x768.jpg 1024w, https:\/\/www.rutadelsindiketes.com\/wp-content\/uploads\/2023\/01\/9-navata-mas-caselles-1-300x225.jpg 300w, https:\/\/www.rutadelsindiketes.com\/wp-content\/uploads\/2023\/01\/9-navata-mas-caselles-1-768x576.jpg 768w, https:\/\/www.rutadelsindiketes.com\/wp-content\/uploads\/2023\/01\/9-navata-mas-caselles-1.jpg 1136w\" sizes=\"(max-width: 800px) 100vw, 800px\" \/>\t\t\t\t\t\t\t\t\t\t\t\t\t\t\t<\/div>\n\t\t\t\t<\/div>\n\t\t\t\t<\/div>\n\t\t\t\t\t<\/div>\n\t\t\t\t<\/div>\n\t\t<div class=\"elementor-element elementor-element-397a441 e-flex e-con-boxed e-con e-parent\" data-id=\"397a441\" data-element_type=\"container\" data-e-type=\"container\">\n\t\t\t\t\t<div class=\"e-con-inner\">\n\t\t\t\t<div class=\"elementor-element elementor-element-118b4d05 elementor-widget elementor-widget-text-editor\" data-id=\"118b4d05\" data-element_type=\"widget\" data-e-type=\"widget\" data-widget_type=\"text-editor.default\">\n\t\t\t\t<div class=\"elementor-widget-container\">\n\t\t\t\t\t\t\t\t\t<p>Seguidamente por la calle Figueres o calle Cam\u00ed de l&#8217;Escorxador llegar a la plaza mayor del pueblo, donde hay la majestuosa iglesia del antiguo monasterio agustiniano de Santa Mar\u00eda.<\/p>\t\t\t\t\t\t\t\t<\/div>\n\t\t\t\t<\/div>\n\t\t\t\t\t<\/div>\n\t\t\t\t<\/div>\n\t\t<div class=\"elementor-element elementor-element-1c74ced0 e-flex e-con-boxed e-con e-parent\" data-id=\"1c74ced0\" data-element_type=\"container\" data-e-type=\"container\">\n\t\t\t\t\t<div class=\"e-con-inner\">\n\t\t\t\t<div class=\"elementor-element elementor-element-82dcdd9 elementor-widget elementor-widget-image\" data-id=\"82dcdd9\" data-element_type=\"widget\" data-e-type=\"widget\" data-widget_type=\"image.default\">\n\t\t\t\t<div class=\"elementor-widget-container\">\n\t\t\t\t\t\t\t\t\t\t\t\t\t\t\t<img loading=\"lazy\" decoding=\"async\" width=\"416\" height=\"358\" src=\"https:\/\/www.rutadelsindiketes.com\/wp-content\/uploads\/2023\/01\/10-llado-santa-maria-1.png\" class=\"attachment-large size-large wp-image-2151\" alt=\"\" srcset=\"https:\/\/www.rutadelsindiketes.com\/wp-content\/uploads\/2023\/01\/10-llado-santa-maria-1.png 416w, https:\/\/www.rutadelsindiketes.com\/wp-content\/uploads\/2023\/01\/10-llado-santa-maria-1-300x258.png 300w\" sizes=\"(max-width: 416px) 100vw, 416px\" \/>\t\t\t\t\t\t\t\t\t\t\t\t\t\t\t<\/div>\n\t\t\t\t<\/div>\n\t\t\t\t\t<\/div>\n\t\t\t\t<\/div>\n\t\t<div class=\"elementor-element elementor-element-1bbf3b7e e-flex e-con-boxed e-con e-parent\" data-id=\"1bbf3b7e\" data-element_type=\"container\" data-e-type=\"container\">\n\t\t\t\t\t<div class=\"e-con-inner\">\n\t\t\t\t<div class=\"elementor-element elementor-element-292177a elementor-widget elementor-widget-heading\" data-id=\"292177a\" data-element_type=\"widget\" data-e-type=\"widget\" data-widget_type=\"heading.default\">\n\t\t\t\t<div class=\"elementor-widget-container\">\n\t\t\t\t\t<h3 class=\"elementor-heading-title elementor-size-default\">alojamientos y datos pr\u00e1cticos etapa 15<\/h3>\t\t\t\t<\/div>\n\t\t\t\t<\/div>\n\t\t\t\t\t<\/div>\n\t\t\t\t<\/div>\n\t\t<div class=\"elementor-element elementor-element-240e51f0 e-flex e-con-boxed e-con e-parent\" data-id=\"240e51f0\" data-element_type=\"container\" data-e-type=\"container\">\n\t\t\t\t\t<div class=\"e-con-inner\">\n\t\t\t\t<div class=\"elementor-element elementor-element-377292b0 elementor-widget elementor-widget-text-editor\" data-id=\"377292b0\" data-element_type=\"widget\" data-e-type=\"widget\" data-widget_type=\"text-editor.default\">\n\t\t\t\t<div class=\"elementor-widget-container\">\n\t\t\t\t\t\t\t\t\t<p style=\"text-align: center;\"><strong>PONT\u00d3S<\/strong><\/p><p style=\"text-align: center;\">Es un pueblo peque\u00f1o, pero cuenta con alg\u00fan establecimiento donde hospedarse, restaurante y alg\u00fan otro servicio. Aqu\u00ed puede visitar su web:<\/p><p style=\"text-align: center;\"><a href=\"http:\/\/www.pontos.cat\/\" target=\"_blank\" rel=\"noopener\"><span style=\"color: #339966;\"><strong>http:\/\/www.pontos.cat<\/strong><\/span><\/a><\/p>\t\t\t\t\t\t\t\t<\/div>\n\t\t\t\t<\/div>\n\t\t\t\t\t<\/div>\n\t\t\t\t<\/div>\n\t\t<div class=\"elementor-element elementor-element-e4ce6c1 e-flex e-con-boxed e-con e-parent\" data-id=\"e4ce6c1\" data-element_type=\"container\" data-e-type=\"container\">\n\t\t\t\t\t<div class=\"e-con-inner\">\n\t\t\t\t<div class=\"elementor-element elementor-element-56f0d0e elementor-widget elementor-widget-text-editor\" data-id=\"56f0d0e\" data-element_type=\"widget\" data-e-type=\"widget\" data-widget_type=\"text-editor.default\">\n\t\t\t\t<div class=\"elementor-widget-container\">\n\t\t\t\t\t\t\t\t\t<p style=\"text-align: center;\"><strong>NAVATA<\/strong><\/p><p style=\"text-align: center;\">El pueblo cuenta con diversos establecimientos para hospedarse, restaurantes y dem\u00e1s servicios. Aqu\u00ed puede visitar su web:<\/p><p style=\"text-align: center;\"><a href=\"http:\/\/navata.cat\/turisme\" target=\"_blank\" rel=\"noopener\"><span style=\"color: #339966;\"><strong>http:\/\/navata.cat\/turisme<\/strong><\/span><\/a><\/p>\t\t\t\t\t\t\t\t<\/div>\n\t\t\t\t<\/div>\n\t\t\t\t\t<\/div>\n\t\t\t\t<\/div>\n\t\t<div class=\"elementor-element elementor-element-ff1aa8e e-flex e-con-boxed e-con e-parent\" data-id=\"ff1aa8e\" data-element_type=\"container\" data-e-type=\"container\">\n\t\t\t\t\t<div class=\"e-con-inner\">\n\t\t\t\t<div class=\"elementor-element elementor-element-297b825 elementor-widget elementor-widget-text-editor\" data-id=\"297b825\" data-element_type=\"widget\" data-e-type=\"widget\" data-widget_type=\"text-editor.default\">\n\t\t\t\t<div class=\"elementor-widget-container\">\n\t\t\t\t\t\t\t\t\t<p style=\"text-align: center;\"><strong>LLAD\u00d3<\/strong><\/p><p style=\"text-align: center;\">El pueblo cuenta con diversos establecimientos para hospedarse, restaurantes y dem\u00e1s servicios. Aqu\u00ed puede visitar su web:<\/p><p style=\"text-align: center;\"><a href=\"http:\/\/www.llado.cat\/\" target=\"_blank\" rel=\"noopener\"><span style=\"color: #339966;\"><strong>http:\/\/www.llado.cat\/<\/strong><\/span><\/a><\/p>\t\t\t\t\t\t\t\t<\/div>\n\t\t\t\t<\/div>\n\t\t\t\t\t<\/div>\n\t\t\t\t<\/div>\n\t\t\t\t<\/div>",
        "protected": false
    },
    "excerpt": {
        "rendered": "<p>ETAPA 15 B\u00c0SCARA \u2013 LLAD\u00d3 Distancia: 26,6 km Nivel dificultad: F\u00c1CIL Altitud m\u00e1xima: 203 Altitud m\u00ednima: 50 Desnivel positivo: 683 Desnivel negativo: 551 GPX Etapa 15: B\u00c0SCARA \u2013 LLAD\u00d3 La salida de B\u00e0scara no ser\u00e1 muy agradable debido a las infraestructuras que deberemos cruzar. Saldremos por la calle que hay detr\u00e1s de la iglesia y [&hellip;]<\/p>",
        "protected": false
    },
    "author": 2,
    "featured_media": 0,
    "parent": 0,
    "menu_order": 0,
    "comment_status": "closed",
    "ping_status": "closed",
    "template": "",
    "meta": {
        "footnotes": ""
    },
    "class_list": [
        "post-1262",
        "page",
        "type-page",
        "status-publish",
        "hentry"
    ],
    "yoast_head": "<!-- This site is optimized with the Yoast SEO plugin v27.2 - https:\/\/yoast.com\/product\/yoast-seo-wordpress\/ -->\n<title>Etapa 15 - B\u00e0scara - Llad\u00f3-Ruta dels Indiketes<\/title>\n<meta name=\"robots\" content=\"index, follow, max-snippet:-1, max-image-preview:large, max-video-preview:-1\" \/>\n<link rel=\"canonical\" href=\"https:\/\/www.rutadelsindiketes.com\/es\/etapa-15-bascara-costat\/\" \/>\n<meta property=\"og:locale\" content=\"es_ES\" \/>\n<meta property=\"og:type\" content=\"article\" \/>\n<meta property=\"og:title\" content=\"Etapa 15 - B\u00e0scara - Llad\u00f3-Ruta dels Indiketes\" \/>\n<meta property=\"og:description\" content=\"ETAPA 15 B\u00c0SCARA \u2013 LLAD\u00d3 Distancia: 26,6 km Nivel dificultad: F\u00c1CIL Altitud m\u00e1xima: 203 Altitud m\u00ednima: 50 Desnivel positivo: 683 Desnivel negativo: 551 GPX Etapa 15: B\u00c0SCARA \u2013 LLAD\u00d3 La salida de B\u00e0scara no ser\u00e1 muy agradable debido a las infraestructuras que deberemos cruzar. Saldremos por la calle que hay detr\u00e1s de la iglesia y [&hellip;]\" \/>\n<meta property=\"og:url\" content=\"https:\/\/www.rutadelsindiketes.com\/es\/etapa-15-bascara-costat\/\" \/>\n<meta property=\"og:site_name\" content=\"Ruta dels Indiketes\" \/>\n<meta property=\"article:modified_time\" content=\"2023-04-07T11:53:35+00:00\" \/>\n<meta property=\"og:image\" content=\"https:\/\/www.rutadelsindiketes.com\/wp-content\/uploads\/2023\/01\/perfil-etapa-15.png\" \/>\n<meta name=\"twitter:card\" content=\"summary_large_image\" \/>\n<meta name=\"twitter:label1\" content=\"Tiempo de lectura\" \/>\n\t<meta name=\"twitter:data1\" content=\"8 minutos\" \/>\n<script type=\"application\/ld+json\" class=\"yoast-schema-graph\">{\"@context\":\"https:\/\/schema.org\",\"@graph\":[{\"@type\":\"WebPage\",\"@id\":\"https:\/\/www.rutadelsindiketes.com\/etapa-15-bascara-costat\/\",\"url\":\"https:\/\/www.rutadelsindiketes.com\/etapa-15-bascara-costat\/\",\"name\":\"Etapa 15 - B\u00e0scara - Llad\u00f3-Ruta dels Indiketes\",\"isPartOf\":{\"@id\":\"https:\/\/www.rutadelsindiketes.com\/#website\"},\"primaryImageOfPage\":{\"@id\":\"https:\/\/www.rutadelsindiketes.com\/etapa-15-bascara-costat\/#primaryimage\"},\"image\":{\"@id\":\"https:\/\/www.rutadelsindiketes.com\/etapa-15-bascara-costat\/#primaryimage\"},\"thumbnailUrl\":\"https:\/\/www.rutadelsindiketes.com\/wp-content\/uploads\/2023\/01\/perfil-etapa-15.png\",\"datePublished\":\"2022-12-13T14:23:27+00:00\",\"dateModified\":\"2023-04-07T11:53:35+00:00\",\"breadcrumb\":{\"@id\":\"https:\/\/www.rutadelsindiketes.com\/etapa-15-bascara-costat\/#breadcrumb\"},\"inLanguage\":\"es\",\"potentialAction\":[{\"@type\":\"ReadAction\",\"target\":[\"https:\/\/www.rutadelsindiketes.com\/etapa-15-bascara-costat\/\"]}]},{\"@type\":\"ImageObject\",\"inLanguage\":\"es\",\"@id\":\"https:\/\/www.rutadelsindiketes.com\/etapa-15-bascara-costat\/#primaryimage\",\"url\":\"https:\/\/www.rutadelsindiketes.com\/wp-content\/uploads\/2023\/01\/perfil-etapa-15.png\",\"contentUrl\":\"https:\/\/www.rutadelsindiketes.com\/wp-content\/uploads\/2023\/01\/perfil-etapa-15.png\"},{\"@type\":\"BreadcrumbList\",\"@id\":\"https:\/\/www.rutadelsindiketes.com\/etapa-15-bascara-costat\/#breadcrumb\",\"itemListElement\":[{\"@type\":\"ListItem\",\"position\":1,\"name\":\"Portada\",\"item\":\"https:\/\/www.rutadelsindiketes.com\/ca\/\"},{\"@type\":\"ListItem\",\"position\":2,\"name\":\"Etapa 15 &#8211; B\u00e0scara &#8211; Llad\u00f3\"}]},{\"@type\":\"WebSite\",\"@id\":\"https:\/\/www.rutadelsindiketes.com\/#website\",\"url\":\"https:\/\/www.rutadelsindiketes.com\/\",\"name\":\"Ruta dels Indiketes\",\"description\":\"S&oacute;lo otro sitio de WordPress\",\"potentialAction\":[{\"@type\":\"SearchAction\",\"target\":{\"@type\":\"EntryPoint\",\"urlTemplate\":\"https:\/\/www.rutadelsindiketes.com\/?s={search_term_string}\"},\"query-input\":{\"@type\":\"PropertyValueSpecification\",\"valueRequired\":true,\"valueName\":\"search_term_string\"}}],\"inLanguage\":\"es\"}]}<\/script>\n<!-- \/ Yoast SEO plugin. -->",
    "yoast_head_json": {
        "title": "Etapa 15 - B\u00e0scara - Llad\u00f3-Ruta dels Indiketes",
        "robots": {
            "index": "index",
            "follow": "follow",
            "max-snippet": "max-snippet:-1",
            "max-image-preview": "max-image-preview:large",
            "max-video-preview": "max-video-preview:-1"
        },
        "canonical": "https:\/\/www.rutadelsindiketes.com\/es\/etapa-15-bascara-costat\/",
        "og_locale": "es_ES",
        "og_type": "article",
        "og_title": "Etapa 15 - B\u00e0scara - Llad\u00f3-Ruta dels Indiketes",
        "og_description": "ETAPA 15 B\u00c0SCARA \u2013 LLAD\u00d3 Distancia: 26,6 km Nivel dificultad: F\u00c1CIL Altitud m\u00e1xima: 203 Altitud m\u00ednima: 50 Desnivel positivo: 683 Desnivel negativo: 551 GPX Etapa 15: B\u00c0SCARA \u2013 LLAD\u00d3 La salida de B\u00e0scara no ser\u00e1 muy agradable debido a las infraestructuras que deberemos cruzar. Saldremos por la calle que hay detr\u00e1s de la iglesia y [&hellip;]",
        "og_url": "https:\/\/www.rutadelsindiketes.com\/es\/etapa-15-bascara-costat\/",
        "og_site_name": "Ruta dels Indiketes",
        "article_modified_time": "2023-04-07T11:53:35+00:00",
        "og_image": [
            {
                "url": "https:\/\/www.rutadelsindiketes.com\/wp-content\/uploads\/2023\/01\/perfil-etapa-15.png",
                "type": "",
                "width": "",
                "height": ""
            }
        ],
        "twitter_card": "summary_large_image",
        "twitter_misc": {
            "Tiempo de lectura": "8 minutos"
        },
        "schema": {
            "@context": "https:\/\/schema.org",
            "@graph": [
                {
                    "@type": "WebPage",
                    "@id": "https:\/\/www.rutadelsindiketes.com\/etapa-15-bascara-costat\/",
                    "url": "https:\/\/www.rutadelsindiketes.com\/etapa-15-bascara-costat\/",
                    "name": "Etapa 15 - B\u00e0scara - Llad\u00f3-Ruta dels Indiketes",
                    "isPartOf": {
                        "@id": "https:\/\/www.rutadelsindiketes.com\/#website"
                    },
                    "primaryImageOfPage": {
                        "@id": "https:\/\/www.rutadelsindiketes.com\/etapa-15-bascara-costat\/#primaryimage"
                    },
                    "image": {
                        "@id": "https:\/\/www.rutadelsindiketes.com\/etapa-15-bascara-costat\/#primaryimage"
                    },
                    "thumbnailUrl": "https:\/\/www.rutadelsindiketes.com\/wp-content\/uploads\/2023\/01\/perfil-etapa-15.png",
                    "datePublished": "2022-12-13T14:23:27+00:00",
                    "dateModified": "2023-04-07T11:53:35+00:00",
                    "breadcrumb": {
                        "@id": "https:\/\/www.rutadelsindiketes.com\/etapa-15-bascara-costat\/#breadcrumb"
                    },
                    "inLanguage": "es",
                    "potentialAction": [
                        {
                            "@type": "ReadAction",
                            "target": [
                                "https:\/\/www.rutadelsindiketes.com\/etapa-15-bascara-costat\/"
                            ]
                        }
                    ]
                },
                {
                    "@type": "ImageObject",
                    "inLanguage": "es",
                    "@id": "https:\/\/www.rutadelsindiketes.com\/etapa-15-bascara-costat\/#primaryimage",
                    "url": "https:\/\/www.rutadelsindiketes.com\/wp-content\/uploads\/2023\/01\/perfil-etapa-15.png",
                    "contentUrl": "https:\/\/www.rutadelsindiketes.com\/wp-content\/uploads\/2023\/01\/perfil-etapa-15.png"
                },
                {
                    "@type": "BreadcrumbList",
                    "@id": "https:\/\/www.rutadelsindiketes.com\/etapa-15-bascara-costat\/#breadcrumb",
                    "itemListElement": [
                        {
                            "@type": "ListItem",
                            "position": 1,
                            "name": "Portada",
                            "item": "https:\/\/www.rutadelsindiketes.com\/ca\/"
                        },
                        {
                            "@type": "ListItem",
                            "position": 2,
                            "name": "Etapa 15 &#8211; B\u00e0scara &#8211; Llad\u00f3"
                        }
                    ]
                },
                {
                    "@type": "WebSite",
                    "@id": "https:\/\/www.rutadelsindiketes.com\/#website",
                    "url": "https:\/\/www.rutadelsindiketes.com\/",
                    "name": "Ruta dels Indiketes",
                    "description": "S&oacute;lo otro sitio de WordPress",
                    "potentialAction": [
                        {
                            "@type": "SearchAction",
                            "target": {
                                "@type": "EntryPoint",
                                "urlTemplate": "https:\/\/www.rutadelsindiketes.com\/?s={search_term_string}"
                            },
                            "query-input": {
                                "@type": "PropertyValueSpecification",
                                "valueRequired": true,
                                "valueName": "search_term_string"
                            }
                        }
                    ],
                    "inLanguage": "es"
                }
            ]
        }
    },
    "_links": {
        "self": [
            {
                "href": "https:\/\/www.rutadelsindiketes.com\/es\/wp-json\/wp\/v2\/pages\/1262",
                "targetHints": {
                    "allow": [
                        "GET"
                    ]
                }
            }
        ],
        "collection": [
            {
                "href": "https:\/\/www.rutadelsindiketes.com\/es\/wp-json\/wp\/v2\/pages"
            }
        ],
        "about": [
            {
                "href": "https:\/\/www.rutadelsindiketes.com\/es\/wp-json\/wp\/v2\/types\/page"
            }
        ],
        "author": [
            {
                "embeddable": true,
                "href": "https:\/\/www.rutadelsindiketes.com\/es\/wp-json\/wp\/v2\/users\/2"
            }
        ],
        "replies": [
            {
                "embeddable": true,
                "href": "https:\/\/www.rutadelsindiketes.com\/es\/wp-json\/wp\/v2\/comments?post=1262"
            }
        ],
        "version-history": [
            {
                "count": 43,
                "href": "https:\/\/www.rutadelsindiketes.com\/es\/wp-json\/wp\/v2\/pages\/1262\/revisions"
            }
        ],
        "predecessor-version": [
            {
                "id": 4040,
                "href": "https:\/\/www.rutadelsindiketes.com\/es\/wp-json\/wp\/v2\/pages\/1262\/revisions\/4040"
            }
        ],
        "wp:attachment": [
            {
                "href": "https:\/\/www.rutadelsindiketes.com\/es\/wp-json\/wp\/v2\/media?parent=1262"
            }
        ],
        "curies": [
            {
                "name": "wp",
                "href": "https:\/\/api.w.org\/{rel}",
                "templated": true
            }
        ]
    }
}